{"id":16822,"date":"2021-10-21T00:00:00","date_gmt":"2021-10-21T04:00:00","guid":{"rendered":"https:\/\/genomequebec.wp.vortexdev.com\/actualites-et-publications\/genome-quebec-and-the-fonds-de-recherche-nature-et-technologies-announce-a-2-6-m-partnership-to-support-innovation-as-part-of-the-economic-recovery-initiative\/"},"modified":"2021-10-21T00:00:00","modified_gmt":"2021-10-21T04:00:00","slug":"genome-quebec-and-the-fonds-de-recherche-nature-et-technologies-announce-a-2-6-m-partnership-to-support-innovation-as-part-of-the-economic-recovery-initiative","status":"publish","type":"post","link":"https:\/\/genomequebec.wp.vortexdev.com\/en\/news-and-publications\/genome-quebec-and-the-fonds-de-recherche-nature-et-technologies-announce-a-2-6-m-partnership-to-support-innovation-as-part-of-the-economic-recovery-initiative\/","title":{"rendered":"G\u00e9nome Qu\u00e9bec and the Fonds de recherche \u2013 Nature et technologies announce  a $2.6 M partnership to support innovation as part of the economic recovery initiative"},"content":{"rendered":"<p style=\"text-align: justify;\">G\u00e9nome Qu\u00e9bec and the Fonds de recherche du Qu\u00e9bec \u2013 Nature et technologies (FRQNT) have joined forces for the first edition of the Geonomics integration program\u00a0\u2013 agriculture and biofood, forestry and environment. The budget for this program comes from a $2 M investment from G\u00e9nome Qu\u00e9bec and a $600,000 investment from FRQNT as part of the economic recovery initiative in the biofood and green energy sectors.<\/p>\n<p style=\"text-align: justify;\">For St\u00e9phanie Lord-Fontaine, Vice President, Scientific Affairs at G\u00e9nome Qu\u00e9bec, \u201cit goes without saying that innovation starts with great ideas, but you also need to have the means to bring these ideas to life. This partnership, worth $2.6?M, will not only stimulate the implementation of our mutual strategies but also catalyze research in these promising areas in Qu\u00e9bec. By helping to make multiple innovations feasible, this initiative allows us to act as drivers of economic development in Qu\u00e9bec.\u201d<\/p>\n<p style=\"text-align: justify;\">\u00a0<\/p>\n<p style=\"text-align: justify;\">Read the <a href=\"https:\/\/www.genomequebec.com\/DATA\/COMMUNIQUE\/366_en.pdf\" target=\"_blank\" rel=\"noopener\">Press release<\/a><\/p>\n","protected":false},"excerpt":{"rendered":"<p>G\u00e9nome Qu\u00e9bec and the Fonds de recherche du Qu\u00e9bec \u2013 Nature et technologies (FRQNT) have joined forces for the first edition of the Geonomics integration program\u00a0\u2013 agriculture and biofood, forestry&hellip;<\/p>\n","protected":false},"author":1,"featured_media":16412,"comment_status":"open","ping_status":"open","sticky":false,"template":"","format":"standard","meta":{"_acf_changed":false,"_relevanssi_hide_post":"","_relevanssi_hide_content":"","_relevanssi_pin_for_all":"","_relevanssi_pin_keywords":"","_relevanssi_unpin_keywords":"","_relevanssi_related_keywords":"","_relevanssi_related_include_ids":"","_relevanssi_related_exclude_ids":"","_relevanssi_related_no_append":"","_relevanssi_related_not_related":"","_relevanssi_related_posts":"","_relevanssi_noindex_reason":"","footnotes":""},"categories":[294],"tags":[],"class_list":["post-16822","post","type-post","status-publish","format-standard","has-post-thumbnail","hentry","category-nouvelles"],"acf":[],"_links":{"self":[{"href":"https:\/\/genomequebec.wp.vortexdev.com\/en\/wp-json\/wp\/v2\/posts\/16822","targetHints":{"allow":["GET"]}}],"collection":[{"href":"https:\/\/genomequebec.wp.vortexdev.com\/en\/wp-json\/wp\/v2\/posts"}],"about":[{"href":"https:\/\/genomequebec.wp.vortexdev.com\/en\/wp-json\/wp\/v2\/types\/post"}],"author":[{"embeddable":true,"href":"https:\/\/genomequebec.wp.vortexdev.com\/en\/wp-json\/wp\/v2\/users\/1"}],"replies":[{"embeddable":true,"href":"https:\/\/genomequebec.wp.vortexdev.com\/en\/wp-json\/wp\/v2\/comments?post=16822"}],"version-history":[{"count":0,"href":"https:\/\/genomequebec.wp.vortexdev.com\/en\/wp-json\/wp\/v2\/posts\/16822\/revisions"}],"wp:featuredmedia":[{"embeddable":true,"href":"https:\/\/genomequebec.wp.vortexdev.com\/en\/wp-json\/wp\/v2\/media\/16412"}],"wp:attachment":[{"href":"https:\/\/genomequebec.wp.vortexdev.com\/en\/wp-json\/wp\/v2\/media?parent=16822"}],"wp:term":[{"taxonomy":"category","embeddable":true,"href":"https:\/\/genomequebec.wp.vortexdev.com\/en\/wp-json\/wp\/v2\/categories?post=16822"},{"taxonomy":"post_tag","embeddable":true,"href":"https:\/\/genomequebec.wp.vortexdev.com\/en\/wp-json\/wp\/v2\/tags?post=16822"}],"curies":[{"name":"wp","href":"https:\/\/api.w.org\/{rel}","templated":true}]}}